[{"@context":"https:\/\/schema.org\/","@type":"Article","@id":"https:\/\/www.ebiotop.cz\/kdy-do-duchodu\/#Article","mainEntityOfPage":"https:\/\/www.ebiotop.cz\/kdy-do-duchodu\/","headline":"Kdy do d\u016fchodu","name":"Kdy do d\u016fchodu","description":"Dos\u00e1hli jste ji\u017e vy\u0161\u0161\u00edho v\u011bku a zva\u017eujete odchod do d\u016fchodu, a\u0165 u\u017e z jak\u00e9hokoliv d\u016fvodu? Ob\u010das je t\u011b\u017ek\u00e9 polo\u017eit si&hellip;","datePublished":"2025-03-28","dateModified":"2025-03-28","author":{"@type":"Person","@id":"https:\/\/www.ebiotop.cz\/author\/#Person","name":"","url":"https:\/\/www.ebiotop.cz\/author\/","identifier":1,"image":{"@type":"ImageObject","@id":"https:\/\/secure.gravatar.com\/avatar\/fb50772173929303fbe6024f179e4dd9837c71f6efc661bdb046860d442d05b5?s=96&d=mm&r=g","url":"https:\/\/secure.gravatar.com\/avatar\/fb50772173929303fbe6024f179e4dd9837c71f6efc661bdb046860d442d05b5?s=96&d=mm&r=g","height":96,"width":96}},"publisher":{"@type":"Organization","name":"ebiotop.cz","logo":{"@type":"ImageObject","@id":"\/logo.png","url":"\/logo.png","width":600,"height":60}},"url":"https:\/\/www.ebiotop.cz\/kdy-do-duchodu\/","wordCount":199,"articleBody":"Dos\u00e1hli jste ji\u017e vy\u0161\u0161\u00edho v\u011bku a zva\u017eujete odchod do d\u016fchodu, a\u0165 u\u017e z jak\u00e9hokoliv d\u016fvodu? Ob\u010das je t\u011b\u017ek\u00e9 polo\u017eit si ot\u00e1zku, kdy do d\u016fchodu, proto\u017ee ka\u017ed\u00fd den ovliv\u0148uje to, jak vysok\u00fd d\u016fchod budete pob\u00edrat. My v\u00e1m porad\u00edme v\u0161e, co se t\u00fdk\u00e1 odchodu do d\u016fchodu. Mo\u017en\u00e1 si u\u017e i pr\u00e1v\u011b vy kladete ot\u00e1zku, p\u0159ed\u010dasn\u00fd odchod do d\u016fchodu. Pravd\u011bpodobn\u011b jste ji\u017e dos\u00e1hli v\u011bku, kdy m\u016f\u017eete p\u0159estat pracovat a nebo do obdob\u00ed, kdy se c\u00edt\u00edte, \u017ee ji\u017e pot\u0159ebujete odej\u00edt na odpo\u010dinek. Ve v\u0161ech p\u0159\u00edpadech v\u00e1m odborn\u011b porad\u00edme, kdy p\u0159esn\u011b odej\u00edt do d\u016fchodu a jak na to. Individu\u00e1ln\u00ed p\u0159\u00edstup U ka\u017ed\u00e9ho klienta je pot\u0159eba prov\u00e9st n\u00e1ro\u010dn\u00e9 v\u00fdpo\u010dty, abychom zjistili nejvhodn\u011bj\u0161\u00ed dobu, kdy do d\u016fchodu. Ke ka\u017ed\u00e9mu klientovi p\u0159istupujeme individu\u00e1ln\u011b a sna\u017e\u00edme se mu poradit tak, aby po cel\u00fd d\u016fchod pob\u00edral co nejv\u011bt\u0161\u00ed mo\u017en\u00e9 pen\u00edze.                                                                                                                                                                                                                                                                                                                                                                                        5\/5 - (1 vote)        "},{"@context":"https:\/\/schema.org\/","@type":"BreadcrumbList","itemListElement":[{"@type":"ListItem","position":1,"name":"Kdy do d\u016fchodu","item":"https:\/\/www.ebiotop.cz\/kdy-do-duchodu\/#breadcrumbitem"}]}]