[{"@context":"https:\/\/schema.org\/","@type":"Article","@id":"https:\/\/www.ebiotop.cz\/kez-by-to-nebyla-pravda\/#Article","mainEntityOfPage":"https:\/\/www.ebiotop.cz\/kez-by-to-nebyla-pravda\/","headline":"K\u00e9\u017e by to nebyla pravda!","name":"K\u00e9\u017e by to nebyla pravda!","description":"Ty doby m\u00e1m st\u00e1le je\u0161t\u011b v\u00a0pam\u011bti. Doby, kdy se u n\u00e1s privatizovalo v\u0161e a\u017e do t\u00e9 chv\u00edle bez v\u00fdjimky st\u00e1tn\u00ed&hellip;","datePublished":"2020-01-06","dateModified":"2023-04-30","author":{"@type":"Person","@id":"https:\/\/www.ebiotop.cz\/author\/#Person","name":"","url":"https:\/\/www.ebiotop.cz\/author\/","identifier":1,"image":{"@type":"ImageObject","@id":"https:\/\/secure.gravatar.com\/avatar\/fb50772173929303fbe6024f179e4dd9837c71f6efc661bdb046860d442d05b5?s=96&d=mm&r=g","url":"https:\/\/secure.gravatar.com\/avatar\/fb50772173929303fbe6024f179e4dd9837c71f6efc661bdb046860d442d05b5?s=96&d=mm&r=g","height":96,"width":96}},"publisher":{"@type":"Organization","name":"ebiotop.cz","logo":{"@type":"ImageObject","@id":"\/logo.png","url":"\/logo.png","width":600,"height":60}},"image":{"@type":"ImageObject","@id":"https:\/\/www.ebiotop.cz\/wp-content\/uploads\/img_a351685_w2457_t1566140712.jpg","url":"https:\/\/www.ebiotop.cz\/wp-content\/uploads\/img_a351685_w2457_t1566140712.jpg","height":0,"width":0},"url":"https:\/\/www.ebiotop.cz\/kez-by-to-nebyla-pravda\/","wordCount":614,"articleBody":"Ty doby m\u00e1m st\u00e1le je\u0161t\u011b v\u00a0pam\u011bti. Doby, kdy se u n\u00e1s privatizovalo v\u0161e a\u017e do t\u00e9 chv\u00edle bez v\u00fdjimky st\u00e1tn\u00ed a nemohlo tak logicky nedoj\u00edt i na m\u00e9dia. Tehdy hlavn\u011b na noviny a \u010dasopisy, pochopiteln\u011b. Proto\u017ee jin\u00e1 m\u00e9dia u n\u00e1s tehdy byla je\u0161t\u011b v\u00a0plenk\u00e1ch a o internetu si v\u011bt\u0161ina z\u00a0n\u00e1s mohla nechat akor\u00e1t tak zd\u00e1t.Nejednou tehdy zazn\u00edvaly hlasy volaj\u00edc\u00ed po n\u011bjak\u00e9 t\u00e9 regulaci, respektive po tom, aby se tisk do ciz\u00edch rukou neprod\u00e1val v\u016fbec. Proto\u017ee pr\u00fd hrozilo nebezpe\u010d\u00ed, \u017ee si ho koup\u00ed za sm\u011b\u0161n\u00fd pen\u00edz na\u0161i nep\u0159\u00e1tel\u00e9, kte\u0159\u00ed t\u00edm ovl\u00e1dnou ve\u0159ejn\u00e9 m\u00edn\u011bn\u00ed.Nev\u00edm u\u017e, kdo p\u0159esn\u011b to tehdy byl, ale na\u0161el se i kdosi ve sv\u00e9 dob\u011b v\u00fdznamn\u00fd, kdo to bral na lehkou v\u00e1hu. A m\u011bl pro sv\u016fj n\u00e1zor i p\u00e1dn\u00fd argument. Ten tvrdil, \u017ee se privatizace m\u00e9di\u00ed b\u00e1t net\u0159eba. Proto\u017ee maj\u00ed na\u0161i lid\u00e9 rozum, m\u00e1me sv\u00e9 z\u00e1jmy a sv\u00e9 n\u00e1zory a nikdo z\u00a0nov\u00fdch majitel\u016f periodik, jakkoliv n\u00e1m t\u0159eba i ne zrovna p\u0159\u00e1telsky naklon\u011bn\u00fd, si tak nedovol\u00ed tisknout n\u011bco, co by bylo v\u00a0rozporu s\u00a0na\u0161imi z\u00e1jmy. Nikdo by si pak jeho tiskoviny nekupoval a zkrachoval by.Jak n\u00e1m \u2013 a p\u0159izn\u00e1m se, \u017ee i mn\u011b \u2013 tehdy jeho n\u00e1zor p\u0159i\u0161el logick\u00fd a rozumn\u00fd! V\u017edy\u0165 to bylo tak jasn\u00e9! Pokud za\u010dnou dejme tomu sudet\u0161t\u00ed N\u011bmci ps\u00e1t o sv\u00e9m nezadateln\u00e9m pr\u00e1vu na navr\u00e1cen\u00ed v\u0161eho, co souviselo s jejich p\u016fvodn\u00edm domovem, nikdo z\u00a0n\u00e1s si nebude takov\u00fd tisk kupovat, aby to \u010detl. \u201aNebylo se \u010deho b\u00e1t.\u2018Ov\u0161em jakkoliv to tehdy bylo logick\u00e9, dnes u\u017e je jasn\u00e9 kdekomu, kde tehdy byla pravda. \u017de ji nem\u011bl ten, kdo tvrdil, \u017ee se mohou d\u00e1t m\u00e9dia do rukou komukoliv. \u017de si nikdo prost\u011b netroufne ps\u00e1t nic proti na\u0161im z\u00e1jm\u016fm, \u017ee jsme nezmanipulovateln\u00ed.Proto\u017ee je dnes u\u017e v\u0161eobecn\u011b zn\u00e1mo, jakou m\u00e9dia sehr\u00e1vaj\u00ed zna\u010dnou \u00falohu p\u0159i prosazov\u00e1n\u00ed toho \u010di onoho. A jak snadno jim sk\u00e1\u010deme na \u0161pek. A nejen tiskovin\u00e1m, o nich\u017e byla \u0159e\u010d tehdy.Proto\u017ee sta\u010d\u00ed vlastn\u011b jenom m\u00e1lo k\u00a0tomu, abychom zaujali \u201a\u017e\u00e1douc\u00ed\u2018 postoj.Co si dejme tomu mysl\u00edme ve chv\u00edli, kdy n\u00e1m n\u011bkdo p\u0159edest\u0159e, jak \u0159idi\u010d jedouc\u00ed jako zb\u011bsil\u00fd srazil neboh\u00e9 hraj\u00edc\u00ed si d\u00edt\u011b, kter\u00e9 nedopat\u0159en\u00edm, z\u00a0d\u011btsk\u00e9 nerozv\u00e1\u017enosti, vstoupilo v\u00a0ten nejnevhodn\u011bj\u0161\u00ed okam\u017eik do vozovky, kdy\u017e se maminka na okam\u017eik vzd\u00e1lila? A co si mysl\u00edme, je-li n\u00e1m to p\u0159edest\u0159eno jako \u017ee chud\u00e1k \u0159idi\u010d nem\u011bl \u017e\u00e1dnou \u0161anci zareagovat, kdy\u017e mu vb\u011bhlo n\u011bjak\u00e9 d\u00edt\u011b, po\u010d\u00ednaj\u00edc\u00ed si na chodn\u00edku jako smysl\u016f zbaven\u00e9, ne\u010dekan\u011b p\u0159\u00edmo pod kola? A co tehdy, kdy\u017e se nap\u00ed\u0161e, \u017ee onen \u0159idi\u010d necht\u011bn\u011b p\u0159ejel neboh\u00e9 d\u00edt\u011b, kter\u00e9 nechala jeho krkav\u010d\u00ed matka zcela bez dozoru?Jde poka\u017ed\u00e9 o tut\u00e9\u017e situaci, \u201avin\u00edk\u2018 je pro n\u00e1s ale poka\u017ed\u00e9 jin\u00fd. Tak snadn\u00e9 je hr\u00e1t si s\u00a0lidskou mysl\u00ed.A proto bychom m\u011bli nad v\u0161emi zve\u0159ejn\u011bn\u00fdmi informacemi na kter\u00e9mkoliv webu p\u0159em\u00fd\u0161let. Aby si s\u00a0n\u00e1mi nikdo nepohr\u00e1val. A lhostejno zda \u201aciz\u00ed nep\u0159\u00edtel\u2018 nebo na\u0161inec.                                                                                                                                                                                                                                                                                                                                                                                        4.1\/5 - (8 votes)        "},{"@context":"https:\/\/schema.org\/","@type":"BreadcrumbList","itemListElement":[{"@type":"ListItem","position":1,"name":"K\u00e9\u017e by to nebyla pravda!","item":"https:\/\/www.ebiotop.cz\/kez-by-to-nebyla-pravda\/#breadcrumbitem"}]}]