[{"@context":"https:\/\/schema.org\/","@type":"Article","@id":"https:\/\/www.ebiotop.cz\/krasa-je-i-v-liceni-oblekani-a-cesani\/#Article","mainEntityOfPage":"https:\/\/www.ebiotop.cz\/krasa-je-i-v-liceni-oblekani-a-cesani\/","headline":"Kr\u00e1sa je i v l\u00ed\u010den\u00ed, obl\u00e9kan\u00ed a \u010des\u00e1n\u00ed","name":"Kr\u00e1sa je i v l\u00ed\u010den\u00ed, obl\u00e9kan\u00ed a \u010des\u00e1n\u00ed","description":"Pro n\u011bkoho je kr\u00e1sa, kdy\u017e je \u017eena p\u0159\u00edrodn\u00ed a bez jak\u00e9hokoliv korektoru, pudru atd. N\u011bkdo se c\u00edt\u00ed l\u00e9pe, kdy\u017e se&hellip;","datePublished":"2022-02-04","dateModified":"2023-04-30","author":{"@type":"Person","@id":"https:\/\/www.ebiotop.cz\/author\/#Person","name":"","url":"https:\/\/www.ebiotop.cz\/author\/","identifier":1,"image":{"@type":"ImageObject","@id":"https:\/\/secure.gravatar.com\/avatar\/fb50772173929303fbe6024f179e4dd9837c71f6efc661bdb046860d442d05b5?s=96&d=mm&r=g","url":"https:\/\/secure.gravatar.com\/avatar\/fb50772173929303fbe6024f179e4dd9837c71f6efc661bdb046860d442d05b5?s=96&d=mm&r=g","height":96,"width":96}},"publisher":{"@type":"Organization","name":"ebiotop.cz","logo":{"@type":"ImageObject","@id":"\/logo.png","url":"\/logo.png","width":600,"height":60}},"image":{"@type":"ImageObject","@id":"https:\/\/www.ebiotop.cz\/wp-content\/uploads\/pexels-anderson-guerra-1115128.jpg","url":"https:\/\/www.ebiotop.cz\/wp-content\/uploads\/pexels-anderson-guerra-1115128.jpg","height":0,"width":0},"url":"https:\/\/www.ebiotop.cz\/krasa-je-i-v-liceni-oblekani-a-cesani\/","about":["Kr\u00e1sa"],"wordCount":603,"articleBody":"Pro n\u011bkoho je kr\u00e1sa, kdy\u017e je \u017eena p\u0159\u00edrodn\u00ed a bez jak\u00e9hokoliv korektoru, pudru atd. N\u011bkdo se c\u00edt\u00ed l\u00e9pe, kdy\u017e se m\u016f\u017ee kr\u00e1sn\u011b namalovat a vyhr\u00e1t si s malov\u00e1n\u00edm. To jsou r\u016fzn\u00e9 pohledy na kr\u00e1su. Ale kdy si hodn\u011b lid\u00ed \u0159ekne: To je kr\u00e1sa. P\u0159i jedn\u00e9, ale i p\u0159i mo\u017en\u00e1 v\u00edce d\u016fle\u017eit\u00fdch ud\u00e1lostech ve va\u0161em \u017eivot\u011b.J\u00e1 te\u010f m\u00e1m namysli maturitn\u00ed ples. Vezm\u011bte si, \u017ee se za cel\u00fd sv\u016fj \u017eivot jste vid\u011bla jen \u0159asenku, ob\u010das korektor na kruhy pod o\u010dima a pudr. Jednou za rok si vezmete rt\u011bnku, a to je v\u0161e. Va\u0161e vlasy jsou \u010dasto sv\u00e1zan\u00e9 do cop\u016f, drdol\u016f, cul\u00edk\u016f. Va\u0161e nehty vid\u00edte nej\u010dast\u011bji p\u0159i psan\u00ed na kl\u00e1vesnici po\u010d\u00edta\u010de nebo mobilu, p\u0159i myt\u00ed n\u00e1doby v ruce \u010di p\u0159i jin\u00e9m ukl\u00edzen\u00ed. Jste \u010dasto v dom\u00e1c\u00edm oble\u010den\u00ed a kdy\u017e mus\u00edte, tak si vezmete d\u017e\u00edny a tri\u010dko nebo n\u011bco trochu spole\u010densk\u00e9ho, ale nic p\u0159ehnan\u00e9ho.\u00a0Pak jste ve \u010dtvrt\u00e9m ro\u010dn\u00edku st\u0159edn\u00ed \u0161koly a \u010dek\u00e1 v\u00e1s maturitn\u00ed ples. Vy p\u0159em\u00fd\u0161l\u00edte, co budete m\u00edt za \u0161aty, za \u00fa\u010des, co nehty a l\u00ed\u010den\u00ed, jak\u00e9 boty. Hled\u00e1te v\u0161emo\u017en\u011b inspiraci, proto\u017ee sama nev\u00edte, co byste p\u0159esn\u011b cht\u011bla. Kr\u00e1t\u00ed se v\u00e1m \u010das a vy mus\u00edte jednat. Zavol\u00e1te kade\u0159nici, viz\u00e1\u017eistce, do p\u016fj\u010dovny\u00a0\u0161at\u016f na sch\u016fzku, kam je lep\u0161\u00ed volat tak 3 m\u011bs\u00edce dop\u0159edu a pak si jen dojet \u0161aty vyzvednout den p\u0159ed plesem, nehta\u0159ce. M\u00e1te pak pln\u00fd cel\u00fd den, do toho mus\u00edte je\u0161t\u011b zkou\u0161et v s\u00e1le, kde budete m\u00edt maturitn\u00ed ples.\u00a0V den D zajdete r\u00e1no k nehta\u0159ce, kter\u00e1 va\u0161e nehty prom\u011bn\u00ed k nepozn\u00e1n\u00ed. Pak b\u011b\u017e\u00edte ke kade\u0159nici, proto\u017ee viz\u00e1\u017eistka v\u00e1s pot\u0159ebuje u\u017e s \u00fa\u010desem. U kade\u0159nice budete hodinu a po takov\u00e9 chv\u00edli budete koukat co se d\u00e1 s va\u0161imi vlasy vytvo\u0159it. No nakonec rychle k viz\u00e1\u017eistce. Tam sed\u00edte hodinu a p\u016fl a p\u0159i pohledu do zrcadla se v\u00e1m chce bre\u010det, proto\u017ee se nepozn\u00e1v\u00e1te a kone\u010dn\u011b si \u0159eknete, \u017ee v\u00e1m to slu\u0161\u00ed, \u017ee jste hezk\u00e1. Po tro\u0161e sebel\u00e1sky mus\u00edte dojet pro \u0161aty a v\u0161e, co je spojen\u00e9 s va\u0161\u00edm plesem. Najednou je p\u011bt hodin ve\u010der, vy u\u017e na sob\u011b m\u00e1te \u0161aty, p\u0159ipravujete se a najednou v\u00e1s va\u0161i spolu\u017e\u00e1ci a kamar\u00e1di chv\u00e1l\u00ed, \u0159\u00edkaj\u00ed, \u017ee v\u00e1m to slu\u0161\u00ed a \u017ee jste kr\u00e1sn\u00e1. Pak nastane hlavn\u00ed program ve\u010dera a vid\u00ed v\u00e1s rodina, kamar\u00e1di, kter\u00e9 jste t\u0159eba dlouho nevid\u011bla a ty jsou z v\u00e1s vykolejen\u00ed, proto\u017ee v\u00e1s pomalu ani nepoznali a op\u011bt sly\u0161\u00edte, jak jste kr\u00e1sn\u00e1.Tak\u017ee pokud jste si nikdy nep\u0159i\u0161la kr\u00e1sn\u00e1, tak v\u00e1s \u010dek\u00e1 maturitn\u00ed ples, svatba nebo klidn\u011b i jin\u00e9 v\u00fdznamn\u00e9 akce, kde si kr\u00e1sn\u00e1 p\u0159ijdete, proto\u017ee nepozn\u00e1te ani sama sebe. A tam uvid\u00edte tu kr\u00e1su. L\u00ed\u010den\u00ed d\u011bl\u00e1 divy. P\u0159\u00edrodn\u00ed kr\u00e1sa je taky \u00fa\u017easn\u00e1, ale kdy\u017e v\u00e1s n\u011bkdo takhle rozmazluje, tak to je kr\u00e1sa dvojn\u00e1sobn\u00e1.                                                                                                                                                                                                                                                                                                                                                                                        3.9\/5 - (7 votes)        "},{"@context":"https:\/\/schema.org\/","@type":"BreadcrumbList","itemListElement":[{"@type":"ListItem","position":1,"name":"Kr\u00e1sa je i v l\u00ed\u010den\u00ed, obl\u00e9kan\u00ed a \u010des\u00e1n\u00ed","item":"https:\/\/www.ebiotop.cz\/krasa-je-i-v-liceni-oblekani-a-cesani\/#breadcrumbitem"}]}]